{"id":65,"date":"2022-08-07T08:00:00","date_gmt":"2022-08-07T06:00:00","guid":{"rendered":"http:\/\/angelos.agridhia.com\/wordpress\/?p=65"},"modified":"2026-01-26T04:59:39","modified_gmt":"2026-01-26T03:59:39","slug":"esel-haben-keine-streifen","status":"publish","type":"post","link":"https:\/\/angelos.agridhia.com\/wordpress\/2022\/08\/07\/esel-haben-keine-streifen\/","title":{"rendered":"Die Reise beginnt&#8230;"},"content":{"rendered":"\n<p>Willkommen auf meinem Blog!<\/p>\n\n\n\n<p>Hier werde ich in den n\u00e4chsten 12 Monaten regelm\u00e4\u00dfig Beitr\u00e4ge ver\u00f6ffentlichen, um \u00fcber meine Erfahrungen bei meinem Freiwilligendienst in Ecuador zu berichten.<\/p>\n\n\n\n<p>Um 10 Uhr hebe ich von -3m in Amsterdam ab und nach 11h 40min lande ich \u2013 wenn alles gut geht \u2013 um 14.40 Uhr in Quito auf 2382m.<\/p>\n\n\n\n<p>Was mich erwarten wird, werde ich erst wirklich erfahren, wenn ich selbst vor Ort bin, aber ein bisschen wei\u00df ich jetzt schon:<\/p>\n\n\n\n<p>Die ersten drei Tage werde ich zusammen mit anderen Freiwilligen auf einem Orientation Camp in Quito verbringen. Dort bekomme ich Informationen \u00fcber Ecuador, die Freiwilligenarbeit und lerne nat\u00fcrlich die anderen Freiwilligen kennen. Es werden auch Freiwillige aus Ecuador selbst dabei sein, die wiederum einen Freiwilligendienst in anderen L\u00e4ndern machen werden.<\/p>\n\n\n\n<p>Nach dem Orientation Camp ziehe ich in die WG, in der ich das Jahr \u00fcber leben werde. Nach einen zweiw\u00f6chigen Online-Spanischkurs startet am 29. August schlie\u00dflich offiziell mein Freiwilligendienst.<\/p>\n\n\n\n<p>Ich werde bei der Organisation \u201eSembrar Esperanza\u201c (Hoffnung s\u00e4hen) mitwirken. Diese arbeitet mit Schulen zusammen und f\u00fchrt Projekte im Umweltbereich durch. Genaueres wei\u00df ich leider noch nicht, bin deshalb aber umso gespannter.<\/p>\n\n\n\n<p>Ich bin jetzt auf jeden Fall bereit f\u00fcr die Reise. Meine Sachen sind gepackt, die letzten Impfungen habe ich durchgef\u00fchrt und ein Visum habe ich auch.<\/p>\n\n\n\n<p>Ich werde mich bald wieder melden&#8230;<\/p>\n\n\n\n<figure class=\"wp-block-gallery aligncenter has-nested-images columns-default is-cropped wp-block-gallery-1 is-layout-flex wp-block-gallery-is-layout-flex\">\n<figure class=\"wp-block-image size-large\"><a href=\"https:\/\/angelos.agridhia.com\/wordpress\/wp-content\/uploads\/2022\/08\/1EA2C51F-0156-4AE2-BC7E-495B5BDAFE0E_1_201_a.jpeg\"><img loading=\"lazy\" decoding=\"async\" width=\"1024\" height=\"768\" data-id=\"2405\" src=\"https:\/\/angelos.agridhia.com\/wordpress\/wp-content\/uploads\/2022\/08\/1EA2C51F-0156-4AE2-BC7E-495B5BDAFE0E_1_201_a-1024x768.jpeg\" alt=\"\" class=\"wp-image-2405\" srcset=\"https:\/\/angelos.agridhia.com\/wordpress\/wp-content\/uploads\/2022\/08\/1EA2C51F-0156-4AE2-BC7E-495B5BDAFE0E_1_201_a-1024x768.jpeg 1024w, https:\/\/angelos.agridhia.com\/wordpress\/wp-content\/uploads\/2022\/08\/1EA2C51F-0156-4AE2-BC7E-495B5BDAFE0E_1_201_a-300x225.jpeg 300w, https:\/\/angelos.agridhia.com\/wordpress\/wp-content\/uploads\/2022\/08\/1EA2C51F-0156-4AE2-BC7E-495B5BDAFE0E_1_201_a-768x576.jpeg 768w, https:\/\/angelos.agridhia.com\/wordpress\/wp-content\/uploads\/2022\/08\/1EA2C51F-0156-4AE2-BC7E-495B5BDAFE0E_1_201_a-1140x855.jpeg 1140w, https:\/\/angelos.agridhia.com\/wordpress\/wp-content\/uploads\/2022\/08\/1EA2C51F-0156-4AE2-BC7E-495B5BDAFE0E_1_201_a.jpeg 1427w\" sizes=\"auto, (max-width: 1024px) 100vw, 1024px\" \/><\/a><\/figure>\n<figcaption class=\"blocks-gallery-caption wp-element-caption\">Am Flughafen von Amsterdam mit meinem Reisegep\u00e4ck<\/figcaption><\/figure>\n","protected":false},"excerpt":{"rendered":"<p>Willkommen auf meinem Blog! Hier werde ich in den n\u00e4chsten 12 Monaten regelm\u00e4\u00dfig Beitr\u00e4ge ver\u00f6ffentlichen, um \u00fcber meine Erfahrungen bei meinem Freiwilligendienst in Ecuador zu berichten. Um 10 Uhr hebe ich von -3m in Amsterdam ab und nach 11h 40min lande ich \u2013 wenn alles gut geht \u2013 um 14.40 Uhr in Quito auf 2382m. Was mich erwarten wird, werde ich erst wirklich erfahren, wenn ich selbst vor Ort bin, aber ein bisschen wei\u00df ich jetzt schon: Die ersten drei Tage werde ich zusammen mit anderen Freiwilligen auf einem Orientation Camp in Quito verbringen. Dort bekomme ich Informationen \u00fcber Ecuador, die Freiwilligenarbeit und lerne nat\u00fcrlich die anderen Freiwilligen kennen. Es werden auch Freiwillige aus Ecuador selbst dabei sein, die wiederum einen Freiwilligendienst in anderen L\u00e4ndern machen werden. Nach dem Orientation Camp ziehe ich in die WG, in der ich das Jahr \u00fcber leben werde. Nach einen zweiw\u00f6chigen Online-Spanischkurs startet am 29. August schlie\u00dflich offiziell mein Freiwilligendienst. Ich werde bei der Organisation \u201eSembrar Esperanza\u201c (Hoffnung s\u00e4hen) mitwirken. Diese arbeitet mit Schulen zusammen und f\u00fchrt Projekte im Umweltbereich durch. Genaueres wei\u00df ich leider noch nicht, bin deshalb aber umso gespannter. Ich bin jetzt auf jeden Fall bereit f\u00fcr die Reise. Meine Sachen sind gepackt, die letzten Impfungen habe ich durchgef\u00fchrt und ein Visum habe ich auch. Ich werde mich bald wieder melden&#8230;<\/p>\n","protected":false},"author":1,"featured_media":2381,"comment_status":"open","ping_status":"open","sticky":false,"template":"","format":"standard","meta":{"_jetpack_memberships_contains_paid_content":false,"footnotes":""},"categories":[1],"tags":[],"class_list":["post-65","post","type-post","status-publish","format-standard","has-post-thumbnail","hentry","category-ecuador-2022-2023"],"jetpack_featured_media_url":"https:\/\/angelos.agridhia.com\/wordpress\/wp-content\/uploads\/2022\/08\/F4DCFCE5-8927-43CA-85C5-7EBE6D9384EC_1_201_a-5-scaled.jpeg","jetpack_sharing_enabled":true,"_links":{"self":[{"href":"https:\/\/angelos.agridhia.com\/wordpress\/wp-json\/wp\/v2\/posts\/65","targetHints":{"allow":["GET"]}}],"collection":[{"href":"https:\/\/angelos.agridhia.com\/wordpress\/wp-json\/wp\/v2\/posts"}],"about":[{"href":"https:\/\/angelos.agridhia.com\/wordpress\/wp-json\/wp\/v2\/types\/post"}],"author":[{"embeddable":true,"href":"https:\/\/angelos.agridhia.com\/wordpress\/wp-json\/wp\/v2\/users\/1"}],"replies":[{"embeddable":true,"href":"https:\/\/angelos.agridhia.com\/wordpress\/wp-json\/wp\/v2\/comments?post=65"}],"version-history":[{"count":28,"href":"https:\/\/angelos.agridhia.com\/wordpress\/wp-json\/wp\/v2\/posts\/65\/revisions"}],"predecessor-version":[{"id":5179,"href":"https:\/\/angelos.agridhia.com\/wordpress\/wp-json\/wp\/v2\/posts\/65\/revisions\/5179"}],"wp:featuredmedia":[{"embeddable":true,"href":"https:\/\/angelos.agridhia.com\/wordpress\/wp-json\/wp\/v2\/media\/2381"}],"wp:attachment":[{"href":"https:\/\/angelos.agridhia.com\/wordpress\/wp-json\/wp\/v2\/media?parent=65"}],"wp:term":[{"taxonomy":"category","embeddable":true,"href":"https:\/\/angelos.agridhia.com\/wordpress\/wp-json\/wp\/v2\/categories?post=65"},{"taxonomy":"post_tag","embeddable":true,"href":"https:\/\/angelos.agridhia.com\/wordpress\/wp-json\/wp\/v2\/tags?post=65"}],"curies":[{"name":"wp","href":"https:\/\/api.w.org\/{rel}","templated":true}]}}